{"id":2657,"date":"2025-07-14T09:08:26","date_gmt":"2025-07-14T07:08:26","guid":{"rendered":"https:\/\/dev.sem-webagentur.de\/hallenbarter\/aktuelles\/un-look-frais-des-voies-claires-notre-nouveau-site-web-est-en-ligne\/"},"modified":"2025-08-13T10:48:43","modified_gmt":"2025-08-13T08:48:43","slug":"un-look-frais-des-voies-claires-notre-nouveau-site-web-est-en-ligne","status":"publish","type":"post","link":"https:\/\/www.hallenbarter-nordic.ch\/fr\/aktuelles\/un-look-frais-des-voies-claires-notre-nouveau-site-web-est-en-ligne\/","title":{"rendered":"Un look frais, des voies claires : notre nouveau site web est en ligne !"},"content":{"rendered":"\t\t<div data-elementor-type=\"wp-post\" data-elementor-id=\"2657\" class=\"elementor elementor-2657 elementor-1602\" data-elementor-post-type=\"post\">\n\t\t\t\t<div class=\"elementor-element elementor-element-04776dc e-flex e-con-boxed e-con e-parent\" data-id=\"04776dc\" data-element_type=\"container\">\n\t\t\t\t\t<div class=\"e-con-inner\">\n\t\t\t\t<div class=\"elementor-element elementor-element-d5bf5f0 elementor-widget elementor-widget-text-editor\" data-id=\"d5bf5f0\" data-element_type=\"widget\" data-widget_type=\"text-editor.default\">\n\t\t\t\t<div class=\"elementor-widget-container\">\n\t\t\t\t\t\t\t\t\t<p>Nous avons le plaisir de vous pr\u00e9senter notre nouveau site Internet - plus moderne, plus clair et plus proche de vous en tant que client ou cliente. Qu&rsquo;il s&rsquo;agisse de cours de ski de fond, d&rsquo;\u00e9quipement ou du Vasa Bar, toutes les offres sont d\u00e9sormais encore plus faciles \u00e0 trouver - structur\u00e9es en trois domaines clairs, avec une navigation plate et un acc\u00e8s intuitif \u00e0 tous les contenus. <\/p>\t\t\t\t\t\t\t\t<\/div>\n\t\t\t\t<\/div>\n\t\t\t\t<div class=\"elementor-element elementor-element-1239bc0 elementor-widget elementor-widget-image\" data-id=\"1239bc0\" data-element_type=\"widget\" data-widget_type=\"image.default\">\n\t\t\t\t<div class=\"elementor-widget-container\">\n\t\t\t\t\t\t\t\t\t\t\t\t\t\t\t<img fetchpriority=\"high\" decoding=\"async\" width=\"1200\" height=\"800\" src=\"https:\/\/www.hallenbarter-nordic.ch\/wp-content\/uploads\/2025\/07\/hallenbarter-sport-shop-gutschein-formular.jpg\" class=\"attachment-full size-full wp-image-2314\" alt=\"\" \/>\t\t\t\t\t\t\t\t\t\t\t\t\t\t\t<\/div>\n\t\t\t\t<\/div>\n\t\t\t\t<div class=\"elementor-element elementor-element-17407a5 elementor-widget elementor-widget-heading\" data-id=\"17407a5\" data-element_type=\"widget\" data-widget_type=\"heading.default\">\n\t\t\t\t<div class=\"elementor-widget-container\">\n\t\t\t\t\t<h2 class=\"elementor-heading-title elementor-size-default\">Plus de clart\u00e9 - plus d'orientation<\/h2>\t\t\t\t<\/div>\n\t\t\t\t<\/div>\n\t\t\t\t<div class=\"elementor-element elementor-element-fbd9087 elementor-widget elementor-widget-text-editor\" data-id=\"fbd9087\" data-element_type=\"widget\" data-widget_type=\"text-editor.default\">\n\t\t\t\t<div class=\"elementor-widget-container\">\n\t\t\t\t\t\t\t\t\t<p>Le nouveau menu est con\u00e7u de mani\u00e8re \u00e0 ce que vous trouviez en quelques clics exactement ce que vous cherchez : qu&rsquo;il s&rsquo;agisse d&rsquo;un cours de ski de fond classique, de mat\u00e9riel de location ou d&rsquo;une pause au Vasa Bar, chaque page a \u00e9t\u00e9 structur\u00e9e de mani\u00e8re conviviale et clairement organis\u00e9e.<\/p>\t\t\t\t\t\t\t\t<\/div>\n\t\t\t\t<\/div>\n\t\t\t\t<div class=\"elementor-element elementor-element-8c42995 elementor-widget elementor-widget-image\" data-id=\"8c42995\" data-element_type=\"widget\" data-widget_type=\"image.default\">\n\t\t\t\t<div class=\"elementor-widget-container\">\n\t\t\t\t\t\t\t\t\t\t\t\t\t\t\t<img decoding=\"async\" width=\"1800\" height=\"1200\" src=\"https:\/\/www.hallenbarter-nordic.ch\/wp-content\/uploads\/2025\/07\/hallenbarter-sport-shop-loipe-goms.jpg\" class=\"attachment-full size-full wp-image-2362\" alt=\"\" \/>\t\t\t\t\t\t\t\t\t\t\t\t\t\t\t<\/div>\n\t\t\t\t<\/div>\n\t\t\t\t<div class=\"elementor-element elementor-element-e35df6f elementor-widget elementor-widget-heading\" data-id=\"e35df6f\" data-element_type=\"widget\" data-widget_type=\"heading.default\">\n\t\t\t\t<div class=\"elementor-widget-container\">\n\t\t\t\t\t<h2 class=\"elementor-heading-title elementor-size-default\">Nouveau : r\u00e9servation des cours directement en ligne<\/h2>\t\t\t\t<\/div>\n\t\t\t\t<\/div>\n\t\t\t\t<div class=\"elementor-element elementor-element-91645c8 elementor-widget elementor-widget-text-editor\" data-id=\"91645c8\" data-element_type=\"widget\" data-widget_type=\"text-editor.default\">\n\t\t\t\t<div class=\"elementor-widget-container\">\n\t\t\t\t\t\t\t\t\t<p>Le nouvel <strong data-start=\"940\" data-end=\"974\">outil de r\u00e9servation pour les cours de ski de fond<\/strong> est un point fort particulier. Il vous permet de r\u00e9server la le\u00e7on souhait\u00e9e directement en ligne - rapidement, en toute s\u00e9curit\u00e9 et 24 heures sur 24. Plus de va-et-vient par t\u00e9l\u00e9phone ou par e-mail - au lieu de cela, une flexibilit\u00e9 totale et une confirmation imm\u00e9diate.  <\/p>\t\t\t\t\t\t\t\t<\/div>\n\t\t\t\t<\/div>\n\t\t\t\t<div class=\"elementor-element elementor-element-8e6161f elementor-widget elementor-widget-image\" data-id=\"8e6161f\" data-element_type=\"widget\" data-widget_type=\"image.default\">\n\t\t\t\t<div class=\"elementor-widget-container\">\n\t\t\t\t\t\t\t\t\t\t\t\t\t\t\t<img decoding=\"async\" width=\"1200\" height=\"800\" src=\"https:\/\/www.hallenbarter-nordic.ch\/wp-content\/uploads\/2025\/07\/hallenbarter-sport-shop-langlaufschule-kurse.jpg\" class=\"attachment-full size-full wp-image-2338\" alt=\"\" \/>\t\t\t\t\t\t\t\t\t\t\t\t\t\t\t<\/div>\n\t\t\t\t<\/div>\n\t\t\t\t<div class=\"elementor-element elementor-element-93535f5 elementor-widget elementor-widget-heading\" data-id=\"93535f5\" data-element_type=\"widget\" data-widget_type=\"heading.default\">\n\t\t\t\t<div class=\"elementor-widget-container\">\n\t\t\t\t\t<h2 class=\"elementor-heading-title elementor-size-default\">Nouvel univers visuel du professionnel de la vall\u00e9e de Conches<\/h2>\t\t\t\t<\/div>\n\t\t\t\t<\/div>\n\t\t\t\t<div class=\"elementor-element elementor-element-fe9f040 elementor-widget elementor-widget-text-editor\" data-id=\"fe9f040\" data-element_type=\"widget\" data-widget_type=\"text-editor.default\">\n\t\t\t\t<div class=\"elementor-widget-container\">\n\t\t\t\t\t\t\t\t\t<p>Le nouveau site web vit aussi visuellement : pour l&rsquo;univers visuel, nous avons pu collaborer avec le photographe renomm\u00e9 <strong data-start=\"1313\" data-end=\"1331\">Silvano Zeiter<\/strong> de Fieschertal. Ses clich\u00e9s authentiques transmettent non seulement la passion pour le ski de fond, mais aussi l&rsquo;atmosph\u00e8re particuli\u00e8re qui r\u00e8gne ici dans la vall\u00e9e de Conches - calme, claire et puissante. <\/p>\t\t\t\t\t\t\t\t<\/div>\n\t\t\t\t<\/div>\n\t\t\t\t<div class=\"elementor-element elementor-element-56aeccd elementor-widget elementor-widget-heading\" data-id=\"56aeccd\" data-element_type=\"widget\" data-widget_type=\"heading.default\">\n\t\t\t\t<div class=\"elementor-widget-container\">\n\t\t\t\t\t<h3 class=\"elementor-heading-title elementor-size-default\">Nous attendons avec impatience vos commentaires - et encore plus votre visite sur place ou en ligne !<\/h3>\t\t\t\t<\/div>\n\t\t\t\t<\/div>\n\t\t\t\t\t<\/div>\n\t\t\t\t<\/div>\n\t\t\t\t<\/div>\n\t\t","protected":false},"excerpt":{"rendered":"<p>Notre nouveau site Internet est arriv\u00e9 - avec une structure claire, une r\u00e9servation directe des cours et des images \u00e9vocatrices du photographe de la vall\u00e9e de Conches Silvano Zeiter. D\u00e9couvrez-le maintenant ! <\/p>\n","protected":false},"author":3,"featured_media":2292,"comment_status":"closed","ping_status":"closed","sticky":false,"template":"","format":"standard","meta":{"_acf_changed":false,"inline_featured_image":false,"footnotes":""},"categories":[12],"tags":[],"class_list":["post-2657","post","type-post","status-publish","format-standard","has-post-thumbnail","hentry","category-non-categorise"],"acf":[],"_links":{"self":[{"href":"https:\/\/www.hallenbarter-nordic.ch\/fr\/wp-json\/wp\/v2\/posts\/2657","targetHints":{"allow":["GET"]}}],"collection":[{"href":"https:\/\/www.hallenbarter-nordic.ch\/fr\/wp-json\/wp\/v2\/posts"}],"about":[{"href":"https:\/\/www.hallenbarter-nordic.ch\/fr\/wp-json\/wp\/v2\/types\/post"}],"author":[{"embeddable":true,"href":"https:\/\/www.hallenbarter-nordic.ch\/fr\/wp-json\/wp\/v2\/users\/3"}],"replies":[{"embeddable":true,"href":"https:\/\/www.hallenbarter-nordic.ch\/fr\/wp-json\/wp\/v2\/comments?post=2657"}],"version-history":[{"count":1,"href":"https:\/\/www.hallenbarter-nordic.ch\/fr\/wp-json\/wp\/v2\/posts\/2657\/revisions"}],"predecessor-version":[{"id":2658,"href":"https:\/\/www.hallenbarter-nordic.ch\/fr\/wp-json\/wp\/v2\/posts\/2657\/revisions\/2658"}],"wp:featuredmedia":[{"embeddable":true,"href":"https:\/\/www.hallenbarter-nordic.ch\/fr\/wp-json\/wp\/v2\/media\/2292"}],"wp:attachment":[{"href":"https:\/\/www.hallenbarter-nordic.ch\/fr\/wp-json\/wp\/v2\/media?parent=2657"}],"wp:term":[{"taxonomy":"category","embeddable":true,"href":"https:\/\/www.hallenbarter-nordic.ch\/fr\/wp-json\/wp\/v2\/categories?post=2657"},{"taxonomy":"post_tag","embeddable":true,"href":"https:\/\/www.hallenbarter-nordic.ch\/fr\/wp-json\/wp\/v2\/tags?post=2657"}],"curies":[{"name":"wp","href":"https:\/\/api.w.org\/{rel}","templated":true}]}}